{"id":710,"date":"2023-10-18T02:16:13","date_gmt":"2023-10-18T02:16:13","guid":{"rendered":"https:\/\/artemsemkin.com\/asli\/wp\/?p=710"},"modified":"2024-03-25T20:26:30","modified_gmt":"2024-03-25T20:26:30","slug":"il-piccolo-cambiamento-che-crea-risultati-massicci-nella-vostra-vita","status":"publish","type":"post","link":"https:\/\/les-bassans.com\/it\/il-piccolo-cambiamento-che-crea-risultati-massicci-nella-vostra-vita\/","title":{"rendered":"Festeggiare la Pasqua al Domaine de Fontenille"},"content":{"rendered":"<p>Nel perseguire la crescita personale e il successo, spesso pensiamo che siano necessari cambiamenti monumentali per ottenere risultati significativi. Tuttavia, spesso sono i piccoli cambiamenti costanti che portano a trasformazioni massicce nella nostra vita. In questo post esploreremo il potere dei piccoli cambiamenti e come questi possano creare risultati straordinari.<\/p>\n\n\n\n<p>La chiave sta nel concetto di capitalizzazione. Cos\u00ec come l'interesse composto pu\u00f2 crescere in modo esponenziale nel tempo, lo stesso vale per l'impatto di piccoli cambiamenti nelle nostre abitudini quotidiane e nella nostra mentalit\u00e0. Apportando costantemente piccole modifiche, mettiamo in moto una reazione a catena di effetti positivi.<\/p>\n\n\n\n<p>Iniziate identificando un'area specifica della vostra vita in cui vorreste vedere dei miglioramenti. Pu\u00f2 trattarsi di salute, relazioni, carriera o sviluppo personale. Poi, scegliete una piccola azione da mettere in atto con costanza in quell'area.<\/p>\n\n\n\n<p>Per esempio, se volete migliorare la vostra forma fisica, impegnatevi a fare una passeggiata di 15 minuti ogni giorno. Con il tempo, questo cambiamento apparentemente minimo porter\u00e0 a un aumento dell'energia, a un miglioramento della salute cardiovascolare e a un cambiamento positivo del vostro benessere generale.<\/p>\n\n\n\n<p>La chiave \u00e8 la coerenza. Ripetendo questo piccolo cambiamento giorno dopo giorno, esso diventa un'abitudine, una parte naturale della vostra routine. Con il passare delle settimane e dei mesi, comincerete a vedere gli effetti collaterali. Potreste ritrovarvi a voler fare altre attivit\u00e0 fisiche o a fare scelte pi\u00f9 salutari nel corso della giornata.<\/p>\n\n\n\n<p>Questo principio si applica a tutti gli ambiti della vita. Che si tratti di trascorrere del tempo di qualit\u00e0 con i propri cari, di imparare una nuova abilit\u00e0 o di praticare la gratitudine, piccoli cambiamenti costanti aprono la strada a risultati notevoli.<\/p>\n\n\n\n<p>Ricordate che la trasformazione \u00e8 un viaggio ed \u00e8 l'impatto cumulativo dei piccoli cambiamenti che porta a risultati enormi. Abbracciate il potere di fare piccoli passi deliberati verso i vostri obiettivi e osservate gli effetti a catena che si sviluppano nella vostra vita.<\/p>\n\n\n\n<p>In conclusione, non sottovalutate mai il potere dei piccoli cambiamenti. \u00c8 attraverso questi aggiustamenti incrementali che si creano trasformazioni durature e notevoli. Quindi, iniziate oggi stesso a individuare un piccolo cambiamento che potete fare e impegnatevi a farlo. Con il tempo, potrete constatare l'enorme impatto che pu\u00f2 avere sulla vostra vita. Abbracciate il processo, siate coerenti e godetevi i grandi risultati che vi aspettano.<\/p>","protected":false},"excerpt":{"rendered":"<p>Scoprite la caccia alle uova di Pasqua e il brunch di Pasqua.<\/p>","protected":false},"author":1,"featured_media":0,"comment_status":"closed","ping_status":"closed","sticky":false,"template":"","format":"standard","meta":{"_acf_changed":false,"iawp_total_views":12,"footnotes":""},"categories":[2,7,8],"tags":[11,12,35,38],"class_list":["post-710","post","type-post","status-publish","format-standard","hentry","category-development","category-social-media","category-ui-design","tag-compounding","tag-consistency","tag-small-changes","tag-transformation"],"acf":[],"yoast_head":"<!-- This site is optimized with the Yoast SEO plugin v27.5 - https:\/\/yoast.com\/product\/yoast-seo-wordpress\/ -->\n<title>C\u00e9l\u00e9brez P\u00e2ques au Domaine de Fontenille &#8226; Les Bassans<\/title>\n<meta name=\"robots\" content=\"index, follow, max-snippet:-1, max-image-preview:large, max-video-preview:-1\" \/>\n<link rel=\"canonical\" href=\"https:\/\/les-bassans.com\/it\/il-piccolo-cambiamento-che-crea-risultati-massicci-nella-vostra-vita\/\" \/>\n<meta property=\"og:locale\" content=\"it_IT\" \/>\n<meta property=\"og:type\" content=\"article\" \/>\n<meta property=\"og:title\" content=\"C\u00e9l\u00e9brez P\u00e2ques au Domaine de Fontenille &#8226; Les Bassans\" \/>\n<meta property=\"og:description\" content=\"D\u00e9couvrez notre chasse aux oufs et Brunch de P\u00e2ques.\" \/>\n<meta property=\"og:url\" content=\"https:\/\/les-bassans.com\/it\/il-piccolo-cambiamento-che-crea-risultati-massicci-nella-vostra-vita\/\" \/>\n<meta property=\"og:site_name\" content=\"Les Bassans\" \/>\n<meta property=\"article:published_time\" content=\"2023-10-18T02:16:13+00:00\" \/>\n<meta property=\"article:modified_time\" content=\"2024-03-25T20:26:30+00:00\" \/>\n<meta property=\"og:image\" content=\"https:\/\/les-bassans.com\/wp-content\/uploads\/2025\/04\/les-bassans-hotel-spa-perros-guirec-bretagne-fontenille-collection-logo-officiel-scaled.jpg\" \/>\n\t<meta property=\"og:image:width\" content=\"2560\" \/>\n\t<meta property=\"og:image:height\" content=\"1427\" \/>\n\t<meta property=\"og:image:type\" content=\"image\/jpeg\" \/>\n<meta name=\"author\" content=\"Fran\u00e7ois\" \/>\n<meta name=\"twitter:card\" content=\"summary_large_image\" \/>\n<meta name=\"twitter:label1\" content=\"Scritto da\" \/>\n\t<meta name=\"twitter:data1\" content=\"Fran\u00e7ois\" \/>\n\t<meta name=\"twitter:label2\" content=\"Tempo di lettura stimato\" \/>\n\t<meta name=\"twitter:data2\" content=\"2 minuti\" \/>\n<script type=\"application\/ld+json\" class=\"yoast-schema-graph\">{\"@context\":\"https:\\\/\\\/schema.org\",\"@graph\":[{\"@type\":\"Article\",\"@id\":\"https:\\\/\\\/les-bassans.com\\\/the-small-change-that-creates-massive-results-in-your-life\\\/#article\",\"isPartOf\":{\"@id\":\"https:\\\/\\\/les-bassans.com\\\/the-small-change-that-creates-massive-results-in-your-life\\\/\"},\"author\":{\"name\":\"Fran\u00e7ois\",\"@id\":\"https:\\\/\\\/les-bassans.com\\\/#\\\/schema\\\/person\\\/ec8665b59d8d1924322bc3f7304cdd0b\"},\"headline\":\"C\u00e9l\u00e9brez P\u00e2ques au Domaine de Fontenille\",\"datePublished\":\"2023-10-18T02:16:13+00:00\",\"dateModified\":\"2024-03-25T20:26:30+00:00\",\"mainEntityOfPage\":{\"@id\":\"https:\\\/\\\/les-bassans.com\\\/the-small-change-that-creates-massive-results-in-your-life\\\/\"},\"wordCount\":382,\"publisher\":{\"@id\":\"https:\\\/\\\/les-bassans.com\\\/#organization\"},\"keywords\":[\"compounding\",\"consistency\",\"small changes\",\"transformation\"],\"articleSection\":[\"Development\",\"Social Media\",\"UI Design\"],\"inLanguage\":\"it-IT\"},{\"@type\":\"WebPage\",\"@id\":\"https:\\\/\\\/les-bassans.com\\\/the-small-change-that-creates-massive-results-in-your-life\\\/\",\"url\":\"https:\\\/\\\/les-bassans.com\\\/the-small-change-that-creates-massive-results-in-your-life\\\/\",\"name\":\"C\u00e9l\u00e9brez P\u00e2ques au Domaine de Fontenille &#8226; Les Bassans\",\"isPartOf\":{\"@id\":\"https:\\\/\\\/les-bassans.com\\\/#website\"},\"datePublished\":\"2023-10-18T02:16:13+00:00\",\"dateModified\":\"2024-03-25T20:26:30+00:00\",\"breadcrumb\":{\"@id\":\"https:\\\/\\\/les-bassans.com\\\/the-small-change-that-creates-massive-results-in-your-life\\\/#breadcrumb\"},\"inLanguage\":\"it-IT\",\"potentialAction\":[{\"@type\":\"ReadAction\",\"target\":[\"https:\\\/\\\/les-bassans.com\\\/the-small-change-that-creates-massive-results-in-your-life\\\/\"]}]},{\"@type\":\"BreadcrumbList\",\"@id\":\"https:\\\/\\\/les-bassans.com\\\/the-small-change-that-creates-massive-results-in-your-life\\\/#breadcrumb\",\"itemListElement\":[{\"@type\":\"ListItem\",\"position\":1,\"name\":\"Accueil\",\"item\":\"https:\\\/\\\/les-bassans.com\\\/\"},{\"@type\":\"ListItem\",\"position\":2,\"name\":\"C\u00e9l\u00e9brez P\u00e2ques au Domaine de Fontenille\"}]},{\"@type\":\"WebSite\",\"@id\":\"https:\\\/\\\/les-bassans.com\\\/#website\",\"url\":\"https:\\\/\\\/les-bassans.com\\\/\",\"name\":\"Les Bassans\",\"description\":\"H\u00f4tel Spa \u00e0 Perros-Guirec et Restaurant vue mer\",\"publisher\":{\"@id\":\"https:\\\/\\\/les-bassans.com\\\/#organization\"},\"potentialAction\":[{\"@type\":\"SearchAction\",\"target\":{\"@type\":\"EntryPoint\",\"urlTemplate\":\"https:\\\/\\\/les-bassans.com\\\/?s={search_term_string}\"},\"query-input\":{\"@type\":\"PropertyValueSpecification\",\"valueRequired\":true,\"valueName\":\"search_term_string\"}}],\"inLanguage\":\"it-IT\"},{\"@type\":\"Organization\",\"@id\":\"https:\\\/\\\/les-bassans.com\\\/#organization\",\"name\":\"Les Bassans\",\"alternateName\":\"Bassans\",\"url\":\"https:\\\/\\\/les-bassans.com\\\/\",\"logo\":{\"@type\":\"ImageObject\",\"inLanguage\":\"it-IT\",\"@id\":\"https:\\\/\\\/les-bassans.com\\\/#\\\/schema\\\/logo\\\/image\\\/\",\"url\":\"https:\\\/\\\/les-bassans.com\\\/wp-content\\\/uploads\\\/2023\\\/05\\\/LesBassans-Logo-Simple.png\",\"contentUrl\":\"https:\\\/\\\/les-bassans.com\\\/wp-content\\\/uploads\\\/2023\\\/05\\\/LesBassans-Logo-Simple.png\",\"width\":850,\"height\":253,\"caption\":\"Les Bassans\"},\"image\":{\"@id\":\"https:\\\/\\\/les-bassans.com\\\/#\\\/schema\\\/logo\\\/image\\\/\"}},{\"@type\":\"Person\",\"@id\":\"https:\\\/\\\/les-bassans.com\\\/#\\\/schema\\\/person\\\/ec8665b59d8d1924322bc3f7304cdd0b\",\"name\":\"Fran\u00e7ois\",\"image\":{\"@type\":\"ImageObject\",\"inLanguage\":\"it-IT\",\"@id\":\"https:\\\/\\\/secure.gravatar.com\\\/avatar\\\/d17a57e7d4e5f170c8d6e351bbd6acbd7d07e8105af5995b6ed7862c50bab00e?s=96&d=mm&r=g\",\"url\":\"https:\\\/\\\/secure.gravatar.com\\\/avatar\\\/d17a57e7d4e5f170c8d6e351bbd6acbd7d07e8105af5995b6ed7862c50bab00e?s=96&d=mm&r=g\",\"contentUrl\":\"https:\\\/\\\/secure.gravatar.com\\\/avatar\\\/d17a57e7d4e5f170c8d6e351bbd6acbd7d07e8105af5995b6ed7862c50bab00e?s=96&d=mm&r=g\",\"caption\":\"Fran\u00e7ois\"},\"sameAs\":[\"https:\\\/\\\/les-bassans.com\"],\"url\":\"https:\\\/\\\/les-bassans.com\\\/it\\\/author\\\/jqqzh\\\/\"}]}<\/script>\n<!-- \/ Yoast SEO plugin. -->","yoast_head_json":{"title":"Festeggiare la Pasqua al Domaine de Fontenille - Les Bassans","robots":{"index":"index","follow":"follow","max-snippet":"max-snippet:-1","max-image-preview":"max-image-preview:large","max-video-preview":"max-video-preview:-1"},"canonical":"https:\/\/les-bassans.com\/it\/il-piccolo-cambiamento-che-crea-risultati-massicci-nella-vostra-vita\/","og_locale":"it_IT","og_type":"article","og_title":"C\u00e9l\u00e9brez P\u00e2ques au Domaine de Fontenille &#8226; Les Bassans","og_description":"D\u00e9couvrez notre chasse aux oufs et Brunch de P\u00e2ques.","og_url":"https:\/\/les-bassans.com\/it\/il-piccolo-cambiamento-che-crea-risultati-massicci-nella-vostra-vita\/","og_site_name":"Les Bassans","article_published_time":"2023-10-18T02:16:13+00:00","article_modified_time":"2024-03-25T20:26:30+00:00","og_image":[{"width":2560,"height":1427,"url":"https:\/\/les-bassans.com\/wp-content\/uploads\/2025\/04\/les-bassans-hotel-spa-perros-guirec-bretagne-fontenille-collection-logo-officiel-scaled.jpg","type":"image\/jpeg"}],"author":"Fran\u00e7ois","twitter_card":"summary_large_image","twitter_misc":{"Scritto da":"Fran\u00e7ois","Tempo di lettura stimato":"2 minuti"},"schema":{"@context":"https:\/\/schema.org","@graph":[{"@type":"Article","@id":"https:\/\/les-bassans.com\/the-small-change-that-creates-massive-results-in-your-life\/#article","isPartOf":{"@id":"https:\/\/les-bassans.com\/the-small-change-that-creates-massive-results-in-your-life\/"},"author":{"name":"Fran\u00e7ois","@id":"https:\/\/les-bassans.com\/#\/schema\/person\/ec8665b59d8d1924322bc3f7304cdd0b"},"headline":"C\u00e9l\u00e9brez P\u00e2ques au Domaine de Fontenille","datePublished":"2023-10-18T02:16:13+00:00","dateModified":"2024-03-25T20:26:30+00:00","mainEntityOfPage":{"@id":"https:\/\/les-bassans.com\/the-small-change-that-creates-massive-results-in-your-life\/"},"wordCount":382,"publisher":{"@id":"https:\/\/les-bassans.com\/#organization"},"keywords":["compounding","consistency","small changes","transformation"],"articleSection":["Development","Social Media","UI Design"],"inLanguage":"it-IT"},{"@type":"WebPage","@id":"https:\/\/les-bassans.com\/the-small-change-that-creates-massive-results-in-your-life\/","url":"https:\/\/les-bassans.com\/the-small-change-that-creates-massive-results-in-your-life\/","name":"Festeggiare la Pasqua al Domaine de Fontenille - Les Bassans","isPartOf":{"@id":"https:\/\/les-bassans.com\/#website"},"datePublished":"2023-10-18T02:16:13+00:00","dateModified":"2024-03-25T20:26:30+00:00","breadcrumb":{"@id":"https:\/\/les-bassans.com\/the-small-change-that-creates-massive-results-in-your-life\/#breadcrumb"},"inLanguage":"it-IT","potentialAction":[{"@type":"ReadAction","target":["https:\/\/les-bassans.com\/the-small-change-that-creates-massive-results-in-your-life\/"]}]},{"@type":"BreadcrumbList","@id":"https:\/\/les-bassans.com\/the-small-change-that-creates-massive-results-in-your-life\/#breadcrumb","itemListElement":[{"@type":"ListItem","position":1,"name":"Accueil","item":"https:\/\/les-bassans.com\/"},{"@type":"ListItem","position":2,"name":"C\u00e9l\u00e9brez P\u00e2ques au Domaine de Fontenille"}]},{"@type":"WebSite","@id":"https:\/\/les-bassans.com\/#website","url":"https:\/\/les-bassans.com\/","name":"Les Bassans","description":"Hotel Spa a Perros-Guirec e ristorante con vista sul mare","publisher":{"@id":"https:\/\/les-bassans.com\/#organization"},"potentialAction":[{"@type":"SearchAction","target":{"@type":"EntryPoint","urlTemplate":"https:\/\/les-bassans.com\/?s={search_term_string}"},"query-input":{"@type":"PropertyValueSpecification","valueRequired":true,"valueName":"search_term_string"}}],"inLanguage":"it-IT"},{"@type":"Organization","@id":"https:\/\/les-bassans.com\/#organization","name":"Les Bassans","alternateName":"Bassans","url":"https:\/\/les-bassans.com\/","logo":{"@type":"ImageObject","inLanguage":"it-IT","@id":"https:\/\/les-bassans.com\/#\/schema\/logo\/image\/","url":"https:\/\/les-bassans.com\/wp-content\/uploads\/2023\/05\/LesBassans-Logo-Simple.png","contentUrl":"https:\/\/les-bassans.com\/wp-content\/uploads\/2023\/05\/LesBassans-Logo-Simple.png","width":850,"height":253,"caption":"Les Bassans"},"image":{"@id":"https:\/\/les-bassans.com\/#\/schema\/logo\/image\/"}},{"@type":"Person","@id":"https:\/\/les-bassans.com\/#\/schema\/person\/ec8665b59d8d1924322bc3f7304cdd0b","name":"Fran\u00e7ois","image":{"@type":"ImageObject","inLanguage":"it-IT","@id":"https:\/\/secure.gravatar.com\/avatar\/d17a57e7d4e5f170c8d6e351bbd6acbd7d07e8105af5995b6ed7862c50bab00e?s=96&d=mm&r=g","url":"https:\/\/secure.gravatar.com\/avatar\/d17a57e7d4e5f170c8d6e351bbd6acbd7d07e8105af5995b6ed7862c50bab00e?s=96&d=mm&r=g","contentUrl":"https:\/\/secure.gravatar.com\/avatar\/d17a57e7d4e5f170c8d6e351bbd6acbd7d07e8105af5995b6ed7862c50bab00e?s=96&d=mm&r=g","caption":"Fran\u00e7ois"},"sameAs":["https:\/\/les-bassans.com"],"url":"https:\/\/les-bassans.com\/it\/author\/jqqzh\/"}]}},"_links":{"self":[{"href":"https:\/\/les-bassans.com\/it\/wp-json\/wp\/v2\/posts\/710","targetHints":{"allow":["GET"]}}],"collection":[{"href":"https:\/\/les-bassans.com\/it\/wp-json\/wp\/v2\/posts"}],"about":[{"href":"https:\/\/les-bassans.com\/it\/wp-json\/wp\/v2\/types\/post"}],"author":[{"embeddable":true,"href":"https:\/\/les-bassans.com\/it\/wp-json\/wp\/v2\/users\/1"}],"replies":[{"embeddable":true,"href":"https:\/\/les-bassans.com\/it\/wp-json\/wp\/v2\/comments?post=710"}],"version-history":[{"count":1,"href":"https:\/\/les-bassans.com\/it\/wp-json\/wp\/v2\/posts\/710\/revisions"}],"predecessor-version":[{"id":20555,"href":"https:\/\/les-bassans.com\/it\/wp-json\/wp\/v2\/posts\/710\/revisions\/20555"}],"wp:attachment":[{"href":"https:\/\/les-bassans.com\/it\/wp-json\/wp\/v2\/media?parent=710"}],"wp:term":[{"taxonomy":"category","embeddable":true,"href":"https:\/\/les-bassans.com\/it\/wp-json\/wp\/v2\/categories?post=710"},{"taxonomy":"post_tag","embeddable":true,"href":"https:\/\/les-bassans.com\/it\/wp-json\/wp\/v2\/tags?post=710"}],"curies":[{"name":"wp","href":"https:\/\/api.w.org\/{rel}","templated":true}]}}