{"id":710,"date":"2023-10-18T02:16:13","date_gmt":"2023-10-18T02:16:13","guid":{"rendered":"https:\/\/artemsemkin.com\/asli\/wp\/?p=710"},"modified":"2024-03-25T20:26:30","modified_gmt":"2024-03-25T20:26:30","slug":"el-pequeno-cambio-que-crea-resultados-masivos-en-tu-vida","status":"publish","type":"post","link":"https:\/\/les-bassans.com\/es\/el-pequeno-cambio-que-crea-resultados-masivos-en-tu-vida\/","title":{"rendered":"Celebre la Semana Santa en el Domaine de Fontenille"},"content":{"rendered":"<p>En la b\u00fasqueda del crecimiento personal y el \u00e9xito, a menudo pensamos que se requieren cambios monumentales para lograr resultados significativos. Sin embargo, a menudo son los cambios peque\u00f1os y constantes los que conducen a transformaciones masivas en nuestras vidas. En esta entrada del blog, exploraremos el poder de los peque\u00f1os cambios y c\u00f3mo pueden crear resultados extraordinarios.<\/p>\n\n\n\n<p>La clave reside en el concepto de inter\u00e9s compuesto. Al igual que el inter\u00e9s compuesto puede crecer exponencialmente con el tiempo, tambi\u00e9n puede hacerlo el impacto de peque\u00f1os cambios en nuestros h\u00e1bitos diarios y nuestra mentalidad. Al realizar peque\u00f1os ajustes de forma sistem\u00e1tica, ponemos en marcha una reacci\u00f3n en cadena de efectos positivos.<\/p>\n\n\n\n<p>Empieza por identificar un \u00e1rea concreta de tu vida en la que te gustar\u00eda mejorar. Puede estar relacionada con la salud, las relaciones, la carrera o el desarrollo personal. A continuaci\u00f3n, elige una peque\u00f1a acci\u00f3n que puedas poner en pr\u00e1ctica de forma sistem\u00e1tica en esa \u00e1rea.<\/p>\n\n\n\n<p>Por ejemplo, si su objetivo es mejorar su forma f\u00edsica, comprom\u00e9tase a dar un paseo de 15 minutos todos los d\u00edas. Con el tiempo, este cambio aparentemente menor se traducir\u00e1 en un aumento de energ\u00eda, una mejora de la salud cardiovascular y un cambio positivo en su bienestar general.<\/p>\n\n\n\n<p>La clave es la constancia. Si repite este peque\u00f1o cambio d\u00eda tras d\u00eda, se convertir\u00e1 en un h\u00e1bito, en una parte natural de su rutina. A medida que pasen las semanas y los meses, empezar\u00e1s a ver los efectos combinados. Es posible que, de forma natural, desee realizar m\u00e1s actividades f\u00edsicas o tomar decisiones m\u00e1s saludables a lo largo del d\u00eda.<\/p>\n\n\n\n<p>Este principio se aplica a todos los \u00e1mbitos de la vida. Ya se trate de pasar tiempo de calidad con los seres queridos, aprender una nueva habilidad o practicar la gratitud, los peque\u00f1os cambios constantes allanan el camino para obtener resultados notables.<\/p>\n\n\n\n<p>Recuerda que la transformaci\u00f3n es un viaje y que es el efecto acumulativo de los peque\u00f1os cambios lo que conduce a resultados masivos. Acepta el poder de dar peque\u00f1os pasos deliberados hacia tus objetivos y observa c\u00f3mo se despliegan los efectos domin\u00f3 en tu vida.<\/p>\n\n\n\n<p>En conclusi\u00f3n, nunca subestimes el poder de los peque\u00f1os cambios. Es a trav\u00e9s de estos ajustes incrementales como creamos transformaciones duraderas y notables. As\u00ed que empiece hoy mismo por identificar un peque\u00f1o cambio que pueda hacer y comprom\u00e9tase a llevarlo a cabo. Con el tiempo, ver\u00e1s el tremendo impacto que puede tener en tu vida. Acepta el proceso, s\u00e9 constante y disfruta de los enormes resultados que te esperan.<\/p>","protected":false},"excerpt":{"rendered":"<p>Descubra nuestra Caza del Huevo de Pascua y el Brunch de Pascua.<\/p>","protected":false},"author":1,"featured_media":0,"comment_status":"closed","ping_status":"closed","sticky":false,"template":"","format":"standard","meta":{"_acf_changed":false,"iawp_total_views":12,"footnotes":""},"categories":[2,7,8],"tags":[11,12,35,38],"class_list":["post-710","post","type-post","status-publish","format-standard","hentry","category-development","category-social-media","category-ui-design","tag-compounding","tag-consistency","tag-small-changes","tag-transformation"],"acf":[],"yoast_head":"<!-- This site is optimized with the Yoast SEO plugin v27.5 - https:\/\/yoast.com\/product\/yoast-seo-wordpress\/ -->\n<title>C\u00e9l\u00e9brez P\u00e2ques au Domaine de Fontenille &#8226; Les Bassans<\/title>\n<meta name=\"robots\" content=\"index, follow, max-snippet:-1, max-image-preview:large, max-video-preview:-1\" \/>\n<link rel=\"canonical\" href=\"https:\/\/les-bassans.com\/es\/el-pequeno-cambio-que-crea-resultados-masivos-en-tu-vida\/\" \/>\n<meta property=\"og:locale\" content=\"es_ES\" \/>\n<meta property=\"og:type\" content=\"article\" \/>\n<meta property=\"og:title\" content=\"C\u00e9l\u00e9brez P\u00e2ques au Domaine de Fontenille &#8226; Les Bassans\" \/>\n<meta property=\"og:description\" content=\"D\u00e9couvrez notre chasse aux oufs et Brunch de P\u00e2ques.\" \/>\n<meta property=\"og:url\" content=\"https:\/\/les-bassans.com\/es\/el-pequeno-cambio-que-crea-resultados-masivos-en-tu-vida\/\" \/>\n<meta property=\"og:site_name\" content=\"Les Bassans\" \/>\n<meta property=\"article:published_time\" content=\"2023-10-18T02:16:13+00:00\" \/>\n<meta property=\"article:modified_time\" content=\"2024-03-25T20:26:30+00:00\" \/>\n<meta property=\"og:image\" content=\"https:\/\/les-bassans.com\/wp-content\/uploads\/2025\/04\/les-bassans-hotel-spa-perros-guirec-bretagne-fontenille-collection-logo-officiel-scaled.jpg\" \/>\n\t<meta property=\"og:image:width\" content=\"2560\" \/>\n\t<meta property=\"og:image:height\" content=\"1427\" \/>\n\t<meta property=\"og:image:type\" content=\"image\/jpeg\" \/>\n<meta name=\"author\" content=\"Fran\u00e7ois\" \/>\n<meta name=\"twitter:card\" content=\"summary_large_image\" \/>\n<meta name=\"twitter:label1\" content=\"Escrito por\" \/>\n\t<meta name=\"twitter:data1\" content=\"Fran\u00e7ois\" \/>\n\t<meta name=\"twitter:label2\" content=\"Tiempo de lectura\" \/>\n\t<meta name=\"twitter:data2\" content=\"2 minutos\" \/>\n<script type=\"application\/ld+json\" class=\"yoast-schema-graph\">{\"@context\":\"https:\\\/\\\/schema.org\",\"@graph\":[{\"@type\":\"Article\",\"@id\":\"https:\\\/\\\/les-bassans.com\\\/the-small-change-that-creates-massive-results-in-your-life\\\/#article\",\"isPartOf\":{\"@id\":\"https:\\\/\\\/les-bassans.com\\\/the-small-change-that-creates-massive-results-in-your-life\\\/\"},\"author\":{\"name\":\"Fran\u00e7ois\",\"@id\":\"https:\\\/\\\/les-bassans.com\\\/#\\\/schema\\\/person\\\/ec8665b59d8d1924322bc3f7304cdd0b\"},\"headline\":\"C\u00e9l\u00e9brez P\u00e2ques au Domaine de Fontenille\",\"datePublished\":\"2023-10-18T02:16:13+00:00\",\"dateModified\":\"2024-03-25T20:26:30+00:00\",\"mainEntityOfPage\":{\"@id\":\"https:\\\/\\\/les-bassans.com\\\/the-small-change-that-creates-massive-results-in-your-life\\\/\"},\"wordCount\":382,\"publisher\":{\"@id\":\"https:\\\/\\\/les-bassans.com\\\/#organization\"},\"keywords\":[\"compounding\",\"consistency\",\"small changes\",\"transformation\"],\"articleSection\":[\"Development\",\"Social Media\",\"UI Design\"],\"inLanguage\":\"es\"},{\"@type\":\"WebPage\",\"@id\":\"https:\\\/\\\/les-bassans.com\\\/the-small-change-that-creates-massive-results-in-your-life\\\/\",\"url\":\"https:\\\/\\\/les-bassans.com\\\/the-small-change-that-creates-massive-results-in-your-life\\\/\",\"name\":\"C\u00e9l\u00e9brez P\u00e2ques au Domaine de Fontenille &#8226; Les Bassans\",\"isPartOf\":{\"@id\":\"https:\\\/\\\/les-bassans.com\\\/#website\"},\"datePublished\":\"2023-10-18T02:16:13+00:00\",\"dateModified\":\"2024-03-25T20:26:30+00:00\",\"breadcrumb\":{\"@id\":\"https:\\\/\\\/les-bassans.com\\\/the-small-change-that-creates-massive-results-in-your-life\\\/#breadcrumb\"},\"inLanguage\":\"es\",\"potentialAction\":[{\"@type\":\"ReadAction\",\"target\":[\"https:\\\/\\\/les-bassans.com\\\/the-small-change-that-creates-massive-results-in-your-life\\\/\"]}]},{\"@type\":\"BreadcrumbList\",\"@id\":\"https:\\\/\\\/les-bassans.com\\\/the-small-change-that-creates-massive-results-in-your-life\\\/#breadcrumb\",\"itemListElement\":[{\"@type\":\"ListItem\",\"position\":1,\"name\":\"Accueil\",\"item\":\"https:\\\/\\\/les-bassans.com\\\/\"},{\"@type\":\"ListItem\",\"position\":2,\"name\":\"C\u00e9l\u00e9brez P\u00e2ques au Domaine de Fontenille\"}]},{\"@type\":\"WebSite\",\"@id\":\"https:\\\/\\\/les-bassans.com\\\/#website\",\"url\":\"https:\\\/\\\/les-bassans.com\\\/\",\"name\":\"Les Bassans\",\"description\":\"H\u00f4tel Spa \u00e0 Perros-Guirec et Restaurant vue mer\",\"publisher\":{\"@id\":\"https:\\\/\\\/les-bassans.com\\\/#organization\"},\"potentialAction\":[{\"@type\":\"SearchAction\",\"target\":{\"@type\":\"EntryPoint\",\"urlTemplate\":\"https:\\\/\\\/les-bassans.com\\\/?s={search_term_string}\"},\"query-input\":{\"@type\":\"PropertyValueSpecification\",\"valueRequired\":true,\"valueName\":\"search_term_string\"}}],\"inLanguage\":\"es\"},{\"@type\":\"Organization\",\"@id\":\"https:\\\/\\\/les-bassans.com\\\/#organization\",\"name\":\"Les Bassans\",\"alternateName\":\"Bassans\",\"url\":\"https:\\\/\\\/les-bassans.com\\\/\",\"logo\":{\"@type\":\"ImageObject\",\"inLanguage\":\"es\",\"@id\":\"https:\\\/\\\/les-bassans.com\\\/#\\\/schema\\\/logo\\\/image\\\/\",\"url\":\"https:\\\/\\\/les-bassans.com\\\/wp-content\\\/uploads\\\/2023\\\/05\\\/LesBassans-Logo-Simple.png\",\"contentUrl\":\"https:\\\/\\\/les-bassans.com\\\/wp-content\\\/uploads\\\/2023\\\/05\\\/LesBassans-Logo-Simple.png\",\"width\":850,\"height\":253,\"caption\":\"Les Bassans\"},\"image\":{\"@id\":\"https:\\\/\\\/les-bassans.com\\\/#\\\/schema\\\/logo\\\/image\\\/\"}},{\"@type\":\"Person\",\"@id\":\"https:\\\/\\\/les-bassans.com\\\/#\\\/schema\\\/person\\\/ec8665b59d8d1924322bc3f7304cdd0b\",\"name\":\"Fran\u00e7ois\",\"image\":{\"@type\":\"ImageObject\",\"inLanguage\":\"es\",\"@id\":\"https:\\\/\\\/secure.gravatar.com\\\/avatar\\\/d17a57e7d4e5f170c8d6e351bbd6acbd7d07e8105af5995b6ed7862c50bab00e?s=96&d=mm&r=g\",\"url\":\"https:\\\/\\\/secure.gravatar.com\\\/avatar\\\/d17a57e7d4e5f170c8d6e351bbd6acbd7d07e8105af5995b6ed7862c50bab00e?s=96&d=mm&r=g\",\"contentUrl\":\"https:\\\/\\\/secure.gravatar.com\\\/avatar\\\/d17a57e7d4e5f170c8d6e351bbd6acbd7d07e8105af5995b6ed7862c50bab00e?s=96&d=mm&r=g\",\"caption\":\"Fran\u00e7ois\"},\"sameAs\":[\"https:\\\/\\\/les-bassans.com\"],\"url\":\"https:\\\/\\\/les-bassans.com\\\/es\\\/author\\\/jqqzh\\\/\"}]}<\/script>\n<!-- \/ Yoast SEO plugin. -->","yoast_head_json":{"title":"Celebra la Semana Santa en el Domaine de Fontenille - Les Bassans","robots":{"index":"index","follow":"follow","max-snippet":"max-snippet:-1","max-image-preview":"max-image-preview:large","max-video-preview":"max-video-preview:-1"},"canonical":"https:\/\/les-bassans.com\/es\/el-pequeno-cambio-que-crea-resultados-masivos-en-tu-vida\/","og_locale":"es_ES","og_type":"article","og_title":"C\u00e9l\u00e9brez P\u00e2ques au Domaine de Fontenille &#8226; Les Bassans","og_description":"D\u00e9couvrez notre chasse aux oufs et Brunch de P\u00e2ques.","og_url":"https:\/\/les-bassans.com\/es\/el-pequeno-cambio-que-crea-resultados-masivos-en-tu-vida\/","og_site_name":"Les Bassans","article_published_time":"2023-10-18T02:16:13+00:00","article_modified_time":"2024-03-25T20:26:30+00:00","og_image":[{"width":2560,"height":1427,"url":"https:\/\/les-bassans.com\/wp-content\/uploads\/2025\/04\/les-bassans-hotel-spa-perros-guirec-bretagne-fontenille-collection-logo-officiel-scaled.jpg","type":"image\/jpeg"}],"author":"Fran\u00e7ois","twitter_card":"summary_large_image","twitter_misc":{"Escrito por":"Fran\u00e7ois","Tiempo de lectura":"2 minutos"},"schema":{"@context":"https:\/\/schema.org","@graph":[{"@type":"Article","@id":"https:\/\/les-bassans.com\/the-small-change-that-creates-massive-results-in-your-life\/#article","isPartOf":{"@id":"https:\/\/les-bassans.com\/the-small-change-that-creates-massive-results-in-your-life\/"},"author":{"name":"Fran\u00e7ois","@id":"https:\/\/les-bassans.com\/#\/schema\/person\/ec8665b59d8d1924322bc3f7304cdd0b"},"headline":"C\u00e9l\u00e9brez P\u00e2ques au Domaine de Fontenille","datePublished":"2023-10-18T02:16:13+00:00","dateModified":"2024-03-25T20:26:30+00:00","mainEntityOfPage":{"@id":"https:\/\/les-bassans.com\/the-small-change-that-creates-massive-results-in-your-life\/"},"wordCount":382,"publisher":{"@id":"https:\/\/les-bassans.com\/#organization"},"keywords":["compounding","consistency","small changes","transformation"],"articleSection":["Development","Social Media","UI Design"],"inLanguage":"es"},{"@type":"WebPage","@id":"https:\/\/les-bassans.com\/the-small-change-that-creates-massive-results-in-your-life\/","url":"https:\/\/les-bassans.com\/the-small-change-that-creates-massive-results-in-your-life\/","name":"Celebra la Semana Santa en el Domaine de Fontenille - Les Bassans","isPartOf":{"@id":"https:\/\/les-bassans.com\/#website"},"datePublished":"2023-10-18T02:16:13+00:00","dateModified":"2024-03-25T20:26:30+00:00","breadcrumb":{"@id":"https:\/\/les-bassans.com\/the-small-change-that-creates-massive-results-in-your-life\/#breadcrumb"},"inLanguage":"es","potentialAction":[{"@type":"ReadAction","target":["https:\/\/les-bassans.com\/the-small-change-that-creates-massive-results-in-your-life\/"]}]},{"@type":"BreadcrumbList","@id":"https:\/\/les-bassans.com\/the-small-change-that-creates-massive-results-in-your-life\/#breadcrumb","itemListElement":[{"@type":"ListItem","position":1,"name":"Accueil","item":"https:\/\/les-bassans.com\/"},{"@type":"ListItem","position":2,"name":"C\u00e9l\u00e9brez P\u00e2ques au Domaine de Fontenille"}]},{"@type":"WebSite","@id":"https:\/\/les-bassans.com\/#website","url":"https:\/\/les-bassans.com\/","name":"Les Bassans","description":"Hotel Spa en Perros-Guirec y Restaurante con vistas al mar","publisher":{"@id":"https:\/\/les-bassans.com\/#organization"},"potentialAction":[{"@type":"SearchAction","target":{"@type":"EntryPoint","urlTemplate":"https:\/\/les-bassans.com\/?s={search_term_string}"},"query-input":{"@type":"PropertyValueSpecification","valueRequired":true,"valueName":"search_term_string"}}],"inLanguage":"es"},{"@type":"Organization","@id":"https:\/\/les-bassans.com\/#organization","name":"Les Bassans","alternateName":"Bassans","url":"https:\/\/les-bassans.com\/","logo":{"@type":"ImageObject","inLanguage":"es","@id":"https:\/\/les-bassans.com\/#\/schema\/logo\/image\/","url":"https:\/\/les-bassans.com\/wp-content\/uploads\/2023\/05\/LesBassans-Logo-Simple.png","contentUrl":"https:\/\/les-bassans.com\/wp-content\/uploads\/2023\/05\/LesBassans-Logo-Simple.png","width":850,"height":253,"caption":"Les Bassans"},"image":{"@id":"https:\/\/les-bassans.com\/#\/schema\/logo\/image\/"}},{"@type":"Person","@id":"https:\/\/les-bassans.com\/#\/schema\/person\/ec8665b59d8d1924322bc3f7304cdd0b","name":"Fran\u00e7ois","image":{"@type":"ImageObject","inLanguage":"es","@id":"https:\/\/secure.gravatar.com\/avatar\/d17a57e7d4e5f170c8d6e351bbd6acbd7d07e8105af5995b6ed7862c50bab00e?s=96&d=mm&r=g","url":"https:\/\/secure.gravatar.com\/avatar\/d17a57e7d4e5f170c8d6e351bbd6acbd7d07e8105af5995b6ed7862c50bab00e?s=96&d=mm&r=g","contentUrl":"https:\/\/secure.gravatar.com\/avatar\/d17a57e7d4e5f170c8d6e351bbd6acbd7d07e8105af5995b6ed7862c50bab00e?s=96&d=mm&r=g","caption":"Fran\u00e7ois"},"sameAs":["https:\/\/les-bassans.com"],"url":"https:\/\/les-bassans.com\/es\/author\/jqqzh\/"}]}},"_links":{"self":[{"href":"https:\/\/les-bassans.com\/es\/wp-json\/wp\/v2\/posts\/710","targetHints":{"allow":["GET"]}}],"collection":[{"href":"https:\/\/les-bassans.com\/es\/wp-json\/wp\/v2\/posts"}],"about":[{"href":"https:\/\/les-bassans.com\/es\/wp-json\/wp\/v2\/types\/post"}],"author":[{"embeddable":true,"href":"https:\/\/les-bassans.com\/es\/wp-json\/wp\/v2\/users\/1"}],"replies":[{"embeddable":true,"href":"https:\/\/les-bassans.com\/es\/wp-json\/wp\/v2\/comments?post=710"}],"version-history":[{"count":1,"href":"https:\/\/les-bassans.com\/es\/wp-json\/wp\/v2\/posts\/710\/revisions"}],"predecessor-version":[{"id":20555,"href":"https:\/\/les-bassans.com\/es\/wp-json\/wp\/v2\/posts\/710\/revisions\/20555"}],"wp:attachment":[{"href":"https:\/\/les-bassans.com\/es\/wp-json\/wp\/v2\/media?parent=710"}],"wp:term":[{"taxonomy":"category","embeddable":true,"href":"https:\/\/les-bassans.com\/es\/wp-json\/wp\/v2\/categories?post=710"},{"taxonomy":"post_tag","embeddable":true,"href":"https:\/\/les-bassans.com\/es\/wp-json\/wp\/v2\/tags?post=710"}],"curies":[{"name":"wp","href":"https:\/\/api.w.org\/{rel}","templated":true}]}}